{"id":7804,"date":"2023-07-14T08:55:32","date_gmt":"2023-07-14T08:55:32","guid":{"rendered":"https:\/\/www.amplitudeseguros.com\/?p=7804"},"modified":"2023-11-28T15:39:52","modified_gmt":"2023-11-28T15:39:52","slug":"novidades-no-mundo-da-mobilidade-e-do-seguro-automovel","status":"publish","type":"post","link":"https:\/\/www.amplitudeseguros.com\/en\/novidades-no-mundo-da-mobilidade-e-do-seguro-automovel\/","title":{"rendered":"What's new in the world of mobility and motor insurance"},"content":{"rendered":"<h1>Novidades no mundo da mobilidade e do seguro autom\u00f3vel<\/h1>\n<h3>Os tempos s\u00e3o de mudan\u00e7a acelerada e a revolu\u00e7\u00e3o digital, bem como a ado\u00e7\u00e3o de pr\u00e1ticas de mobilidade \u201calternativas\u201d e de menor impacto ambiental, trazem \u00e0 nossa vida cotidiana contextos novos, vantagens e simplifica\u00e7\u00f5es, mas tamb\u00e9m novos riscos.<\/h3>\n<h3>Come\u00e7ando pelas vantagens:<\/h3>\n<p><strong>A) A afixa\u00e7\u00e3o do d\u00edstico do seguro autom\u00f3vel no vidro dianteiro dos ve\u00edculos deixou de ser obrigat\u00f3ria a 11 de julho (Lei n.\u00ba 32\/2023 de 10 de julho), eliminando coimas de mais de cem euros.<\/strong><\/p>\n<p>A mesma Lei deixa claro que a carta verde passa a poder ser emitida e disponibilizada apenas digitalmente, sem preju\u00edzo da sua emiss\u00e3o e disponibiliza\u00e7\u00e3o em papel, sem custos acrescidos, a pedido do tomador do seguro\u201d.<\/p>\n<p>&nbsp;<\/p>\n<p><strong>B) Verifica-se a implementa\u00e7\u00e3o crescente de t\u00e9cnicas de combate \u00e0 fraude nos seguros pela aplica\u00e7\u00e3o da Intelig\u00eancia artificial<\/strong><\/p>\n<p>Para os cidad\u00e3os honestos e zelosos, a no\u00e7\u00e3o de que o custo dos seguros \u00e9 muito afetado pelas fraudes cometidas por quem n\u00e3o o \u00e9, traz uma esp\u00e9cie de sensa\u00e7\u00e3o de injusti\u00e7a \u2013 ainda que naturalmente tenham de entender o racional econ\u00f3mico dos seguradores, que se baseia em estat\u00edsticas de previs\u00f5es e hist\u00f3ricos de grandes agregados.<\/p>\n<p>Uma das compensa\u00e7\u00f5es que os seguradores t\u00eam encontrado para n\u00e3o terem de refletir inteiramente nos clientes o aumento expressivo dos custos de regulariza\u00e7\u00e3o de sinistros causados pela infla\u00e7\u00e3o generalizada nos valores das pe\u00e7as, m\u00e3o de obra, servi\u00e7os m\u00e9dicos, etc., \u00e9 a redu\u00e7\u00e3o do custo dos processos e fluxos pela respetiva crescente digitaliza\u00e7\u00e3o e possibilidade de execu\u00e7\u00e3o \u00e0 dist\u00e2ncia, virtualmente.<\/p>\n<p>Mas \u00e9 f\u00e1cil compreender que se a fraude sempre existiu, ela corre o risco de se ampliar pela virtualidade das an\u00e1lises.<\/p>\n<p>Da\u00ed que a ind\u00fastria seguradora esteja a incentivar o desenvolvimento de metodologias de intelig\u00eancia artificial para a dete\u00e7\u00e3o de fraude em processos virtuais de participa\u00e7\u00e3o\/an\u00e1lise de sinistros.<\/p>\n<p>S\u00e3o v\u00e1rias as startups tecnol\u00f3gicas mundo fora a lan\u00e7arem solu\u00e7\u00f5es neste dom\u00ednio, entre as quais Portuguesas j\u00e1 com sucesso assinal\u00e1vel.<\/p>\n<p>Trata-se de uma boa perspectiva, ainda que em 2023 o custo m\u00e9dio dos seguros tenha efetivamente aumentado.<\/p>\n<p>&nbsp;<\/p>\n<p><strong>C) O prazo de resolu\u00e7\u00e3o de sinistros autom\u00f3vel encontra-se, ao longo de todos os seguradores autorizados e nas v\u00e1rias fases do processo de regulariza\u00e7\u00e3o, dentro dos limites estabelecidos por Lei, em quase 100 % dos casos, e que os tempos m\u00e9dios observados foram claramente inferiores aos prazos legais <\/strong><\/p>\n<p>Publicaremos em breve com mais detalhe um resumo do relat\u00f3rio alusivo publicado recentemente pela autoridade de tutela &#8211; a ASF &#8211; , relativo ao ano de 2022.<\/p>\n<p>No mesmo relat\u00f3rio, destaca-se que as reclama\u00e7\u00f5es se fixaram em apenas em 1 reclama\u00e7\u00e3o por cada 1.547 ve\u00edculos seguros. Lembramos que desde 2006 existe um controlo a todos os processos de sinistro, relativos \u00e0s mais de 6 milh\u00f5es de ap\u00f3lices autom\u00f3vel existentes.<\/p>\n<p><strong>Conselho \u00fatil<\/strong>:\u00a0 sempre que enquadr\u00e1vel, participe os acidentes pela Declara\u00e7\u00e3o Amig\u00e1vel de Acidente Autom\u00f3vel (DAAA) j\u00e1 que os tempos m\u00e9dios de resolu\u00e7\u00e3o em v\u00e1rias fases dos processos de regulariza\u00e7\u00e3o de sinistros s\u00e3o bastante menores quando \u00e9 usada a DAAA, j\u00e1 que consiste num processo simplificado acordado entre as companhias.<\/p>\n<p>&nbsp;<\/p>\n<p><strong>D) O investimento urbano em vias para eco-mobilidade, os incentivos \u00e0 aquisi\u00e7\u00e3o e disponibiliza\u00e7\u00e3o de equipamentos tornam as novas formas de transportes cada vez mais uma solu\u00e7\u00e3o, nem sempre totalmente c\u00f3moda, mas com in\u00fameras vantagens:<\/strong><\/p>\n<ul>\n<li>Redu\u00e7\u00e3o da emiss\u00e3o de gases com efeito de estufa<\/li>\n<li>Ar mais puro<\/li>\n<li>Menor polui\u00e7\u00e3o sonora<\/li>\n<li>Maior facilidade de estacionamento<\/li>\n<li>Menor stress nas desloca\u00e7\u00f5es<\/li>\n<li>Jun\u00e7\u00e3o da pr\u00e1tica de exerc\u00edcio f\u00edsico \u00e0 mobilidade,<\/li>\n<li>\u2026<\/li>\n<\/ul>\n<p>Mas a press\u00e3o das entidades p\u00fablicas em for\u00e7ar a ado\u00e7\u00e3o da chamada \u201cmicromobilidade\u201d (trotinetas, bicicletas, patins e skates), tem nas levado a adiarem a implementa\u00e7\u00e3o de obrigatoriedade de cuidados com os riscos associados, seja em mat\u00e9ria de acidentes dos pr\u00f3prios condutores, seja em danos causados a terceiros. Os riscos existem e n\u00e3o devem ser descurados, e come\u00e7am a surgir regras oficiais.<\/p>\n<p><img fetchpriority=\"high\" decoding=\"async\" class=\"alignnone wp-image-7806 \" src=\"https:\/\/www.amplitudeseguros.com\/wp-content\/uploads\/2023\/07\/Novidades-no-mundo-da-mobilidade-e-do-seguro-automovel_Imagem2_Amplitude.png\" alt=\"\" width=\"1225\" height=\"619\" srcset=\"https:\/\/www.amplitudeseguros.com\/wp-content\/uploads\/2023\/07\/Novidades-no-mundo-da-mobilidade-e-do-seguro-automovel_Imagem2_Amplitude.png 1308w, https:\/\/www.amplitudeseguros.com\/wp-content\/uploads\/2023\/07\/Novidades-no-mundo-da-mobilidade-e-do-seguro-automovel_Imagem2_Amplitude-300x152.png 300w, https:\/\/www.amplitudeseguros.com\/wp-content\/uploads\/2023\/07\/Novidades-no-mundo-da-mobilidade-e-do-seguro-automovel_Imagem2_Amplitude-1024x517.png 1024w, https:\/\/www.amplitudeseguros.com\/wp-content\/uploads\/2023\/07\/Novidades-no-mundo-da-mobilidade-e-do-seguro-automovel_Imagem2_Amplitude-768x388.png 768w, https:\/\/www.amplitudeseguros.com\/wp-content\/uploads\/2023\/07\/Novidades-no-mundo-da-mobilidade-e-do-seguro-automovel_Imagem2_Amplitude-18x9.png 18w\" sizes=\"(max-width: 1225px) 100vw, 1225px\" \/><\/p>\n<p><strong>A mobilidade alternativa e a gest\u00e3o do risco<\/strong><\/p>\n<p><strong>Bicicletas e trotinetas: novas regras para a circula\u00e7\u00e3o na via p\u00fablica<\/strong><\/p>\n<p>Os veloc\u00edpedes s\u00e3o ve\u00edculos, com duas ou mais rodas, acionados pelo esfor\u00e7o do pr\u00f3prio condutor por meio de pedais ou dispositivos an\u00e1logos\u201d, de acordo com o artigo 112.\u00ba do C\u00f3digo da Estrada. Neste grupo enquadram-se as bicicletas e as trotinetes com e sem motor.<\/p>\n<p>De acordo com o decreto-lei anteriormente referido, veloc\u00edpede com motor \u00e9 o veloc\u00edpede equipado com motor auxiliar com pot\u00eancia m\u00e1xima cont\u00ednua de 1,0 kW, cuja alimenta\u00e7\u00e3o \u00e9 reduzida progressivamente com o aumento da velocidade e interrompida se atingir a velocidade de 25 km\/h, ou antes, se o condutor deixar de pedalar.<\/p>\n<p>S\u00e3o equiparados a veloc\u00edpedes:<\/p>\n<p>a) Os veloc\u00edpedes com motor<\/p>\n<p>b) As trotinetas com motor el\u00e9trico, bem como os dispositivos de circula\u00e7\u00e3o com motor el\u00e9trico, autoequilibrados e automotores ou outros meios de circula\u00e7\u00e3o an\u00e1logos com motor, quando equipados com motor com pot\u00eancia m\u00e1xima cont\u00ednua de 0,25 kW e atingindo a velocidade m\u00e1xima em patamar de 25 km\/h.<\/p>\n<p><strong>\u00a0<\/strong><\/p>\n<p>Quem circula de bicicleta ou trotineta est\u00e1 sujeito \u00e0s regras de circula\u00e7\u00e3o e, embora n\u00e3o seja obrigat\u00f3rio um exame do C\u00f3digo da Estrada, h\u00e1 que sab\u00ea-las, bem como manter-se a par das altera\u00e7\u00f5es que possam ser introduzidas. Algumas delas tiveram lugar no in\u00edcio de 2021, atrav\u00e9s do\u00a0<a href=\"https:\/\/dre.pt\/application\/file\/a\/150574527\">Decreto-Lei n\u00ba 102-B\/2020<\/a>; outras foram acrescentadas j\u00e1 posteriormente:<\/p>\n<ul>\n<li>Obrigatoriedade de porte de documento de identifica\u00e7\u00e3o (n\u00e3o o ter consigo implica multa numa opera\u00e7\u00e3o Stop)<\/li>\n<li>Proibido circular sob influ\u00eancia de \u00e1lcool<\/li>\n<li><strong>Proibida a utiliza\u00e7\u00e3o de telem\u00f3vel e de auscultadores durante a condu\u00e7\u00e3o<\/strong><\/li>\n<li>Os veloc\u00edpedes [bicicletas e trotinetas com ou sem motor podem circular na estrada, na berma, nas ciclovias (caso existam, embora n\u00e3o estejam obrigados a faz\u00ea-lo) ou nas faixas reservadas aos transportes coletivos, consoante regulamenta\u00e7\u00e3o municipal<\/li>\n<li><strong>Circula\u00e7\u00e3o nas bermas<\/strong>: s\u00f3 permitido quando estas oferecerem condi\u00e7\u00f5es de seguran\u00e7a e dimens\u00f5es suficientes e desde que a seguran\u00e7a dos pe\u00f5es n\u00e3o seja posta em causa<\/li>\n<li><strong>Circula\u00e7\u00e3o nos passeios:<\/strong> apenas os meios conduzidos por crian\u00e7as at\u00e9 aos 10 anos podem circular nos passeios, desde que n\u00e3o ponham em perigo ou perturbem os pe\u00f5es \u2013 s\u00f3 as trotinetas sem motor podem circular nos passeios. Nos demais veloc\u00edpedes, se tiver necessidade de andar no passeio, dever\u00e1 desmontar e levar a trotineta\/bicicleta pela m\u00e3o<\/li>\n<li>Nas <strong>autoestradas, n\u00e3o<\/strong> \u00e9 permitida a circula\u00e7\u00e3o de trotinetas e bicicletas<\/li>\n<li>Os veloc\u00edpedes [bicicletas e trotinetas com ou sem motor] <strong>s\u00f3 podem transportar o respetivo condutor, salvo se<\/strong>:<\/li>\n<\/ul>\n<p>a) Forem dotados de mais de um par de pedais capaz de acionar o ve\u00edculo em\u00a0simult\u00e2neo, caso em que o n\u00famero m\u00e1ximo de pessoas a transportar\u00a0corresponde ao n\u00famero de pares de pedais e em que cada pessoa transportada deve ter a possibilidade de acionar em exclusivo um par de pedais;<\/p>\n<p>b) Forem concebidos, por constru\u00e7\u00e3o, com assentos para passageiros, caso em\u00a0que, al\u00e9m do condutor, podem transportar um ou dois passageiros, consoante\u00a0o n\u00famero daqueles assentos;<\/p>\n<p>c) Se tratar do transporte de crian\u00e7as com idade inferior a 7 anos, em\u00a0dispositivos especialmente adaptados para o efeito (Art.\u00ba 91.\u00ba).<\/p>\n<ul>\n<li>Obrigat\u00f3ria a instala\u00e7\u00e3o de sistemas de reten\u00e7\u00e3o nas bicicletas se circularem <strong>com crian\u00e7as<\/strong> com idade inferior a 12 anos e altura inferior a 1,35 m<\/li>\n<li>As <strong>luzes s\u00e3o obrigat\u00f3rias<\/strong> nas bicicletas, tanto \u00e0 frente como atr\u00e1s, devendo ser usadas em caso de luminosidade reduzida (amanhecer, anoitecer, noite e\/ou condi\u00e7\u00f5es meteorol\u00f3gicas adversas)<\/li>\n<li><strong>Velocidade m\u00e1xima:<\/strong> Quem circular de trotineta ou dispositivo de circula\u00e7\u00e3o com motor el\u00e9trico, autoequilibrado e automotor ou em meio de circula\u00e7\u00e3o an\u00e1logo com motor, equipado com motor com pot\u00eancia m\u00e1xima cont\u00ednua superior a 0,25 kW ou atinja uma velocidade m\u00e1xima em patamar superior a 25 km\/h (\u2026), \u00e9 sancionado com coima de (euro) 60 a (euro) 300, refere o\u00a0<a href=\"https:\/\/dre.pt\/application\/file\/a\/150574527\">Decreto-Lei n\u00ba 102-B\/2020<\/a><\/li>\n<li><strong>As m\u00e3os devem estar sempre no guiador<\/strong>, exceto para assinalar manobras<\/li>\n<li><strong>Uso de capacete: <\/strong>\u00a0Embora n\u00e3o obrigat\u00f3rio para condutores de trotinetas ou bicicletas, o uso do capacete \u00e9, no entanto, recomendado, especialmente no caso das el\u00e9tricas, por uma quest\u00e3o de seguran\u00e7a<\/li>\n<li><strong>Seguro<\/strong>: apesar de n\u00e3o exigido, um seguro de <strong>responsabilidade civil por danos a terceiros<\/strong>, \u00e9 recomend\u00e1vel. Deve ainda avaliar nos seguros que j\u00e1 possui se tem cobertura de <strong>acidentes que lhe possam trazer les\u00f5es ou at\u00e9 incapacidades na<\/strong> condu\u00e7\u00e3o deste tipo de ve\u00edculos \u2013 v\u00e1rias ap\u00f3lices de sa\u00fade excluem despesas derivadas de acidentes com trotinetas\u2026 . Por outro lado, pode fazer sentido cobrir <strong>danos \u00e0 bicicleta ou at\u00e9 roubo<\/strong>, para o que j\u00e1 existem seguros que, embora exigindo naturalmente cuidados de preven\u00e7\u00e3o, est\u00e3o pensados para estes riscos.<\/li>\n<\/ul>\n<p>Estamos c\u00e1 para o aconselhar na melhor prote\u00e7\u00e3o do risco para as suas solu\u00e7\u00f5es de mobilidade!<\/p>\n<p><a href=\"https:\/\/www.amplitudeseguros.com\/contactos\/\">Contactos Amplitude<\/a><\/p>\n<p><a href=\"https:\/\/www.linkedin.com\/company\/1579296\/admin\/feed\/posts\/\" target=\"_blank\" rel=\"noopener\">Linkedin Amplitude<\/a><\/p>\n<p>&nbsp;<\/p>\n<h1>Novidades no mundo da mobilidade e do seguro autom\u00f3vel<\/h1>\n<p>&nbsp;<\/p>\n<p>&nbsp;<\/p>\n","protected":false},"excerpt":{"rendered":"<p>Novidades no mundo da mobilidade e do seguro autom\u00f3vel Os tempos s\u00e3o de mudan\u00e7a acelerada e a revolu\u00e7\u00e3o digital, bem como a ado\u00e7\u00e3o de pr\u00e1ticas de mobilidade \u201calternativas\u201d e de menor impacto ambiental, trazem \u00e0 nossa vida cotidiana contextos novos, vantagens e simplifica\u00e7\u00f5es, mas tamb\u00e9m novos riscos. Come\u00e7ando pelas vantagens: A) A afixa\u00e7\u00e3o do d\u00edstico [&hellip;]<\/p>\n","protected":false},"author":2,"featured_media":7805,"comment_status":"closed","ping_status":"closed","sticky":false,"template":"","format":"standard","meta":{"_acf_changed":false,"footnotes":""},"categories":[1],"tags":[],"class_list":["post-7804","post","type-post","status-publish","format-standard","has-post-thumbnail","hentry","category-diversos"],"acf":[],"_links":{"self":[{"href":"https:\/\/www.amplitudeseguros.com\/en\/wp-json\/wp\/v2\/posts\/7804","targetHints":{"allow":["GET"]}}],"collection":[{"href":"https:\/\/www.amplitudeseguros.com\/en\/wp-json\/wp\/v2\/posts"}],"about":[{"href":"https:\/\/www.amplitudeseguros.com\/en\/wp-json\/wp\/v2\/types\/post"}],"author":[{"embeddable":true,"href":"https:\/\/www.amplitudeseguros.com\/en\/wp-json\/wp\/v2\/users\/2"}],"replies":[{"embeddable":true,"href":"https:\/\/www.amplitudeseguros.com\/en\/wp-json\/wp\/v2\/comments?post=7804"}],"version-history":[{"count":10,"href":"https:\/\/www.amplitudeseguros.com\/en\/wp-json\/wp\/v2\/posts\/7804\/revisions"}],"predecessor-version":[{"id":7816,"href":"https:\/\/www.amplitudeseguros.com\/en\/wp-json\/wp\/v2\/posts\/7804\/revisions\/7816"}],"wp:featuredmedia":[{"embeddable":true,"href":"https:\/\/www.amplitudeseguros.com\/en\/wp-json\/wp\/v2\/media\/7805"}],"wp:attachment":[{"href":"https:\/\/www.amplitudeseguros.com\/en\/wp-json\/wp\/v2\/media?parent=7804"}],"wp:term":[{"taxonomy":"category","embeddable":true,"href":"https:\/\/www.amplitudeseguros.com\/en\/wp-json\/wp\/v2\/categories?post=7804"},{"taxonomy":"post_tag","embeddable":true,"href":"https:\/\/www.amplitudeseguros.com\/en\/wp-json\/wp\/v2\/tags?post=7804"}],"curies":[{"name":"wp","href":"https:\/\/api.w.org\/{rel}","templated":true}]}}