{"id":8393,"date":"2026-02-20T12:50:05","date_gmt":"2026-02-20T12:50:05","guid":{"rendered":"https:\/\/www.amplitudeseguros.com\/?p=8393"},"modified":"2026-02-20T12:50:05","modified_gmt":"2026-02-20T12:50:05","slug":"quando-e-declarada-situacao-de-calamidade-quem-paga-os-prejuizos","status":"publish","type":"post","link":"https:\/\/www.amplitudeseguros.com\/en\/quando-e-declarada-situacao-de-calamidade-quem-paga-os-prejuizos\/","title":{"rendered":"Quando \u00e9 declarada situa\u00e7\u00e3o de calamidade, quem Paga os Preju\u00edzos?"},"content":{"rendered":"<p>Nas regi\u00f5es onde \u00e9 decretada situa\u00e7\u00e3o de calamidade, os apoios n\u00e3o substituem os seguros, s\u00e3o complementares.<\/p>\n<p>Saiba como funciona e o que esperar de um fundo para cat\u00e1strofes naturais.<\/p>\n<p>No caso concreto do apoio \u00e0s recentes tempestades, ver detalhes dos apoios gerais em <a href=\"https:\/\/www.ccdrc.pt\/pt\/areas-de-atuacao\/administracao-local\/apoio-tecnico-e-financeiro\/tempestades-2026\/\">https:\/\/www.ccdrc.pt\/pt\/areas-de-atuacao\/administracao-local\/apoio-tecnico-e-financeiro\/tempestades-2026\/<\/a><\/p>\n<p>Quando \u00e9 declarada Situa\u00e7\u00e3o de Calamidade numa regi\u00e3o (ao abrigo da Lei de Bases da Prote\u00e7\u00e3o Civil), podem existir benef\u00edcios e medidas excecionais, mas \u00e9 importante esclarecer:<br \/>\nN\u00e3o h\u00e1 um \u201cpacote autom\u00e1tico\u201d igual em todos os casos.<br \/>\nAs medidas dependem da decis\u00e3o do Governo e da dimens\u00e3o dos danos.<\/p>\n<h5>O que significa declarar \u201cSitua\u00e7\u00e3o de Calamidade\u201d?<\/h5>\n<p>\u00c9 um regime legal ativado quando h\u00e1:<\/p>\n<ul>\n<li>Fen\u00f3menos naturais graves (tempestades, cheias, inc\u00eandios)<\/li>\n<li>Danos significativos em habita\u00e7\u00f5es, empresas ou infraestruturas<\/li>\n<li>Necessidade de medidas excecionais e urgentes<\/li>\n<\/ul>\n<p>Permite ao Estado agir com maior rapidez e flexibilizar regras administrativas e financeiras.<\/p>\n<h4>Que apoios podem existir?<\/h4>\n<h5><strong>Apoios \u00e0 habita\u00e7\u00e3o<\/strong><\/h5>\n<p>Podem ser criados:<\/p>\n<ul>\n<li>Programas de apoio \u00e0 reconstru\u00e7\u00e3o de habita\u00e7\u00e3o pr\u00f3pria permanente<\/li>\n<li>Subs\u00eddios a fundo perdido para agregados com menores rendimentos<\/li>\n<li>Linhas de cr\u00e9dito bonificado para repara\u00e7\u00f5es<\/li>\n<\/ul>\n<p>Normalmente aplicam-se sobretudo a:<\/p>\n<ul>\n<li>Habita\u00e7\u00e3o pr\u00f3pria e permanente<\/li>\n<li>Fam\u00edlias economicamente vulner\u00e1veis<\/li>\n<\/ul>\n<h5>Apoios a empresas e com\u00e9rcio<\/h5>\n<p>Podem incluir:<\/p>\n<ul>\n<li>Linhas de cr\u00e9dito com garantia p\u00fablica<\/li>\n<li>Morat\u00f3rias no pagamento de impostos e contribui\u00e7\u00f5es<\/li>\n<li>Apoios \u00e0 reposi\u00e7\u00e3o da atividade<\/li>\n<li>Regimes simplificados de contrata\u00e7\u00e3o p\u00fablica<\/li>\n<\/ul>\n<p>Em alguns casos, podem existir apoios diretos para micro e pequenas empresas.<\/p>\n<h5>Benef\u00edcios fiscais e contributivos<\/h5>\n<p>Dependendo do decreto espec\u00edfico:<\/p>\n<ul>\n<li>Prorroga\u00e7\u00e3o de prazos fiscais<\/li>\n<li>Suspens\u00e3o ou flexibiliza\u00e7\u00e3o de pagamentos \u00e0 Seguran\u00e7a Social<\/li>\n<li>Isen\u00e7\u00f5es ou redu\u00e7\u00f5es tempor\u00e1rias de taxas<\/li>\n<\/ul>\n<h5>Simplifica\u00e7\u00e3o administrativa<\/h5>\n<p>Durante a calamidade podem ser agilizados:<\/p>\n<ul>\n<li>Processos de licenciamento<\/li>\n<li>Obras de reconstru\u00e7\u00e3o<\/li>\n<li>Procedimentos camar\u00e1rios<\/li>\n<\/ul>\n<h5>Apoios extraordin\u00e1rios<\/h5>\n<p>Em eventos de grande dimens\u00e3o, o Governo pode criar:<\/p>\n<ul>\n<li>Fundos espec\u00edficos de emerg\u00eancia<\/li>\n<li>Apoios atrav\u00e9s do Portugal 2030 ou fundos europeus<\/li>\n<li>Programas de apoio ao setor agr\u00edcola<\/li>\n<\/ul>\n<h4>O que muitas pessoas n\u00e3o sabem<\/h4>\n<p>A declara\u00e7\u00e3o de calamidade:<\/p>\n<p>\u274c N\u00e3o substitui o seguro<br \/>\n\u274c N\u00e3o garante indemniza\u00e7\u00e3o autom\u00e1tica<br \/>\n\u274c N\u00e3o cobre todos os preju\u00edzos<\/p>\n<p>Os apoios p\u00fablicos tendem a ser:<\/p>\n<ul>\n<li>Parcialmente compensat\u00f3rios<\/li>\n<li>Focados em situa\u00e7\u00f5es de maior vulnerabilidade<\/li>\n<li>Complementares ao seguro<\/li>\n<\/ul>\n<h4>O Sistema segurador tem capacidade para estes sinistros avultados? Para quando um fundo espec\u00edfico para cat\u00e1strofes naturais, desde h\u00e1 tanto falado?<\/h4>\n<ul>\n<li>Os seguradores s\u00e3o obrigados a manter capital suficiente para enfrentar cen\u00e1rios extremos.<\/li>\n<li>S\u00e3o alvo obrigat\u00f3rio de testes de stress peri\u00f3dicos.<\/li>\n<li>Todas as Companhias a operar em Portugal t\u00eam tido r\u00e1cios de solv\u00eancia superiores a 100% (em muitos casos bastante acima), algo que \u00e9 controlado trimestralmente.<\/li>\n<\/ul>\n<h4><img fetchpriority=\"high\" decoding=\"async\" class=\"aligncenter wp-image-8394 size-full\" src=\"https:\/\/www.amplitudeseguros.com\/wp-content\/uploads\/2026\/02\/capa-foto-fev2026_-Amplitude-2.jpg\" alt=\"\" width=\"916\" height=\"474\" srcset=\"https:\/\/www.amplitudeseguros.com\/wp-content\/uploads\/2026\/02\/capa-foto-fev2026_-Amplitude-2.jpg 916w, https:\/\/www.amplitudeseguros.com\/wp-content\/uploads\/2026\/02\/capa-foto-fev2026_-Amplitude-2-300x155.jpg 300w, https:\/\/www.amplitudeseguros.com\/wp-content\/uploads\/2026\/02\/capa-foto-fev2026_-Amplitude-2-768x397.jpg 768w, https:\/\/www.amplitudeseguros.com\/wp-content\/uploads\/2026\/02\/capa-foto-fev2026_-Amplitude-2-18x9.jpg 18w\" sizes=\"(max-width: 916px) 100vw, 916px\" \/><\/h4>\n<h4>O papel fundamental do resseguro<\/h4>\n<p>Um ponto essencial que muitas pessoas desconhecem: os seguradores <strong>n\u00e3o suportam sozinhas<\/strong> o impacto de grandes cat\u00e1strofes. Eles transferem parte do risco que assumem para o mercado internacional de <strong>resseguro<\/strong> (grandes grupos globais) pagando por tal.<\/p>\n<p>Isso permite que:<\/p>\n<ul>\n<li>Um evento severo em Portugal seja financeiramente dilu\u00eddo \u00e0 escala internacional.<\/li>\n<li>O impacto n\u00e3o recaia apenas sobre o mercado nacional.<\/li>\n<\/ul>\n<p>\u00c9 uma das raz\u00f5es pelas quais o sistema \u00e9 estruturalmente resiliente.<\/p>\n<p>De facto, quer as entidades europeias, quer a <strong>Autoridade de Tutela Portuguesa (ASF)<\/strong> t\u00eam vindo a refor\u00e7ar a exig\u00eancia de maior transpar\u00eancia contratual e a prote\u00e7\u00e3o do consumidor e, ainda a an\u00e1lise do impacto das altera\u00e7\u00f5es clim\u00e1ticas no setor segurador, sobretudo na monitoriza\u00e7\u00e3o da solv\u00eancia das seguradoras perante eventos extremos.<\/p>\n<h5>Contudo, verificando-se repeti\u00e7\u00e3o muito frequente de eventos cada vez mais severos a n\u00edvel local e mundial, bem como a subida dos custos de reconstru\u00e7\u00e3o, \u00e9 expect\u00e1vel que, nos pr\u00f3ximos anos:<\/h5>\n<ul>\n<li>aumentem os pre\u00e7os e os crit\u00e9rios para aceita\u00e7\u00e3o da cobertura de fen\u00f3menos s\u00edsmicos<\/li>\n<li>surja a imposi\u00e7\u00e3o de maiores franquias<\/li>\n<li>aumente a press\u00e3o sobre a exig\u00eancia de seguros de fen\u00f3menos da natureza, com<\/li>\n<\/ul>\n<p>maior adequa\u00e7\u00e3o de capitais.<\/p>\n<ul>\n<li>E que finalmente surjam modelos p\u00fablico-privado para suporte \u00e0s cat\u00e1strofes naturais extremas, como o t\u00e3o falado <strong>Fundo de Cat\u00e1strofe<\/strong>.<\/li>\n<\/ul>\n<h4>Tipos de modelos estruturados de cobertura de cat\u00e1strofes<\/h4>\n<p>Eventos cada vez mais frequentes de grande escala (tempestades severas, inunda\u00e7\u00f5es extensas, sismos, inc\u00eandios de grande dimens\u00e3o) podem gerar <strong>preju\u00edzos agregados muito elevados<\/strong>, colocando press\u00e3o sobre Seguradores, Resseguradores, Or\u00e7amentos p\u00fablicos e, em primeira linha, as Fam\u00edlias e Empresas.<\/p>\n<p>V\u00e1rios pa\u00edses t\u00eam vindo a adotar diferentes modelos de estruturados de cobertura de cat\u00e1strofes, onde o seguro privado continua a existir, mas h\u00e1 um \u201ccolch\u00e3o\u201d coletivo para eventos extremos:<\/p>\n<ul>\n<li><strong>Fran\u00e7a<\/strong> \u2013 Sistema \u201cCat Nat\u201d, onde existe um mecanismo nacional obrigat\u00f3rio de cobertura de cat\u00e1strofes naturais, com apoio estatal.<\/li>\n<li><strong>Espanha<\/strong> \u2013 Consorcio de Compensaci\u00f3n de Seguros, entidade p\u00fablica que interv\u00e9m em riscos extraordin\u00e1rios.<\/li>\n<li><strong>Reino Unido<\/strong> \u2013 Flood Re, modelo espec\u00edfico para risco de inunda\u00e7\u00e3o.<\/li>\n<\/ul>\n<ul>\n<li><strong><u>Em Portugal<\/u><\/strong><strong>,<\/strong> tem-se vindo a falar de fazer incidir mais um imposto nos pr\u00e9mios dos Multiriscos que alimentariam, a par de reservas Estatais, o <strong>Fundo Nacional de Cat\u00e1strofes<\/strong>. Ou seja, haveria uma comparticipa\u00e7\u00e3o da Sociedade, do Estado, e, mais direta ou indiretamente, de resseguradores e dos seguradores nacionais.<\/li>\n<\/ul>\n<h5>O que isso significaria para os clientes?<\/h5>\n<ul>\n<li>Maior estabilidade do mercado segurador<\/li>\n<li>Regras mais uniformes de cobertura de cat\u00e1strofes<\/li>\n<li>Eventual contribui\u00e7\u00e3o obrigat\u00f3ria para fundo coletivo<\/li>\n<li>Menor volatilidade de pr\u00e9mios em eventos extremos<\/li>\n<\/ul>\n<p>Mas at\u00e9 que tal modelo exista, a prote\u00e7\u00e3o depende exclusivamente da ap\u00f3lice individual contratada.<\/p>\n<h4>Mensagem importante<\/h4>\n<p>Enquanto o enquadramento estrutural evolui, a gest\u00e3o de risco continua a ser primordialmente individual:<\/p>\n<ul>\n<li>Confirmar coberturas\/ Atualizar capitais\/ Ajustar franquias\/ Avaliar risco real<\/li>\n<\/ul>\n<p>Os modelos p\u00fablico-privados podem vir a refor\u00e7ar o sistema. Mas hoje, a prote\u00e7\u00e3o come\u00e7a nas ap\u00f3lices que tem em vigor.<\/p>\n<h4>Como corretores, o nosso compromisso \u00e9 simples<\/h4>\n<ul>\n<li>Analisar a sua exposi\u00e7\u00e3o real ao risco<\/li>\n<li>Verificar se o que est\u00e1 contratado corresponde \u00e0s suas necessidades<\/li>\n<li>Ajustar capitais e coberturas quando necess\u00e1rio<\/li>\n<li>Acompanhar o sinistro at\u00e9 \u00e0 resolu\u00e7\u00e3o<\/li>\n<\/ul>\n<p>Aconselhamos a que reveja as suas ap\u00f3lices (de habita\u00e7\u00e3o ou empresarial); estamos dispon\u00edveis para fazer uma an\u00e1lise t\u00e9cnica sem compromisso.<\/p>\n<p>Porque a verdadeira tranquilidade come\u00e7a antes da tempestade.<\/p>\n<p>&nbsp;<\/p>\n<h5>Ficamos ao dispor!<\/h5>\n<p><a href=\"https:\/\/www.amplitudeseguros.com\/en\/contactos\/\">Amplitude Contacts<\/a><\/p>\n<p><a href=\"https:\/\/www.linkedin.com\/company\/amplitude-seguros\/\" target=\"_blank\" rel=\"noopener\">Linkedin Amplitude<\/a><\/p>\n<p>&nbsp;<\/p>\n<p>&nbsp;<\/p>\n<h2>Quando \u00e9 declarada situa\u00e7\u00e3o de calamidade,<\/h2>\n<h2>Quem Paga os Preju\u00edzos?<\/h2>\n<p>&nbsp;<\/p>\n<p>&nbsp;<\/p>","protected":false},"excerpt":{"rendered":"<p>Nas regi\u00f5es onde \u00e9 decretada situa\u00e7\u00e3o de calamidade, os apoios n\u00e3o substituem os seguros, s\u00e3o complementares. Saiba como funciona e o que esperar de um fundo para cat\u00e1strofes naturais. No caso concreto do apoio \u00e0s recentes tempestades, ver detalhes dos apoios gerais em https:\/\/www.ccdrc.pt\/pt\/areas-de-atuacao\/administracao-local\/apoio-tecnico-e-financeiro\/tempestades-2026\/ Quando \u00e9 declarada Situa\u00e7\u00e3o de Calamidade numa regi\u00e3o (ao abrigo da [&hellip;]<\/p>\n","protected":false},"author":2,"featured_media":8395,"comment_status":"closed","ping_status":"closed","sticky":false,"template":"","format":"standard","meta":{"_acf_changed":false,"footnotes":""},"categories":[32],"tags":[],"class_list":["post-8393","post","type-post","status-publish","format-standard","has-post-thumbnail","hentry","category-seguros"],"acf":[],"_links":{"self":[{"href":"https:\/\/www.amplitudeseguros.com\/en\/wp-json\/wp\/v2\/posts\/8393","targetHints":{"allow":["GET"]}}],"collection":[{"href":"https:\/\/www.amplitudeseguros.com\/en\/wp-json\/wp\/v2\/posts"}],"about":[{"href":"https:\/\/www.amplitudeseguros.com\/en\/wp-json\/wp\/v2\/types\/post"}],"author":[{"embeddable":true,"href":"https:\/\/www.amplitudeseguros.com\/en\/wp-json\/wp\/v2\/users\/2"}],"replies":[{"embeddable":true,"href":"https:\/\/www.amplitudeseguros.com\/en\/wp-json\/wp\/v2\/comments?post=8393"}],"version-history":[{"count":4,"href":"https:\/\/www.amplitudeseguros.com\/en\/wp-json\/wp\/v2\/posts\/8393\/revisions"}],"predecessor-version":[{"id":8399,"href":"https:\/\/www.amplitudeseguros.com\/en\/wp-json\/wp\/v2\/posts\/8393\/revisions\/8399"}],"wp:featuredmedia":[{"embeddable":true,"href":"https:\/\/www.amplitudeseguros.com\/en\/wp-json\/wp\/v2\/media\/8395"}],"wp:attachment":[{"href":"https:\/\/www.amplitudeseguros.com\/en\/wp-json\/wp\/v2\/media?parent=8393"}],"wp:term":[{"taxonomy":"category","embeddable":true,"href":"https:\/\/www.amplitudeseguros.com\/en\/wp-json\/wp\/v2\/categories?post=8393"},{"taxonomy":"post_tag","embeddable":true,"href":"https:\/\/www.amplitudeseguros.com\/en\/wp-json\/wp\/v2\/tags?post=8393"}],"curies":[{"name":"wp","href":"https:\/\/api.w.org\/{rel}","templated":true}]}}