{"id":8401,"date":"2026-03-05T17:30:25","date_gmt":"2026-03-05T17:30:25","guid":{"rendered":"https:\/\/www.amplitudeseguros.com\/?p=8401"},"modified":"2026-03-05T17:30:25","modified_gmt":"2026-03-05T17:30:25","slug":"tendencias-nos-seguros-em-2026","status":"publish","type":"post","link":"https:\/\/www.amplitudeseguros.com\/en\/tendencias-nos-seguros-em-2026\/","title":{"rendered":"Tend\u00eancias nos seguros em 2026"},"content":{"rendered":"<h4>Pre\u00e7o mais vol\u00e1til, mas mais explicado<\/h4>\n<h5>O que muda<\/h5>\n<ul>\n<li>Ajustes de pr\u00e9mios devido a infla\u00e7\u00e3o, sinistralidade e riscos clim\u00e1ticos.<\/li>\n<li>Maior detalhe na explica\u00e7\u00e3o dos aumentos.<\/li>\n<\/ul>\n<h5>Impacto para o cliente<\/h5>\n<ul>\n<li>Alguns seguros ficam mais caros<\/li>\n<li>Maior compreens\u00e3o do \u201cporqu\u00ea\u201d do pre\u00e7o<\/li>\n<li>Incentivo a comportamentos que reduzam o risco (e o pr\u00e9mio)<\/li>\n<\/ul>\n<p><em>J\u00e1 reparou que no vencimento das suas ap\u00f3lices, passou a constar uma explica\u00e7\u00e3o dos fatores que impactaram a varia\u00e7\u00e3o de pre\u00e7o que o segurador est\u00e1 a propor para a pr\u00f3xima anuidade?<\/em><\/p>\n<p>Um exemplo concreto numa ata no vencimento de um seguro de sa\u00fade:<\/p>\n<p><img fetchpriority=\"high\" decoding=\"async\" class=\"aligncenter wp-image-8403\" src=\"https:\/\/www.amplitudeseguros.com\/wp-content\/uploads\/2026\/03\/foto-2-mar2026_-Amplitude.jpg\" alt=\"\" width=\"787\" height=\"215\" srcset=\"https:\/\/www.amplitudeseguros.com\/wp-content\/uploads\/2026\/03\/foto-2-mar2026_-Amplitude.jpg 1603w, https:\/\/www.amplitudeseguros.com\/wp-content\/uploads\/2026\/03\/foto-2-mar2026_-Amplitude-300x82.jpg 300w, https:\/\/www.amplitudeseguros.com\/wp-content\/uploads\/2026\/03\/foto-2-mar2026_-Amplitude-1024x279.jpg 1024w, https:\/\/www.amplitudeseguros.com\/wp-content\/uploads\/2026\/03\/foto-2-mar2026_-Amplitude-768x209.jpg 768w, https:\/\/www.amplitudeseguros.com\/wp-content\/uploads\/2026\/03\/foto-2-mar2026_-Amplitude-1536x419.jpg 1536w, https:\/\/www.amplitudeseguros.com\/wp-content\/uploads\/2026\/03\/foto-2-mar2026_-Amplitude-18x5.jpg 18w\" sizes=\"(max-width: 787px) 100vw, 787px\" \/><\/p>\n<h4>Health insurance<\/h4>\n<ul>\n<li>Refor\u00e7o da telemedicina, consultas online e servi\u00e7os digitais, permitindo um acesso mais c\u00f3modo e imediato<\/li>\n<li>Refor\u00e7o da aten\u00e7\u00e3o \u00e0 sa\u00fade mental<\/li>\n<li>Mais foco em preven\u00e7\u00e3o e bem-estar (check-ups, nutri\u00e7\u00e3o), *<\/li>\n<li>Surgimento de mais op\u00e7\u00f5es em planos modulares e complementares ao SNS<\/li>\n<\/ul>\n<p>*Espera-se tamb\u00e9m que a evolu\u00e7\u00e3o da aplica\u00e7\u00e3o da Tecnologia \u201cIOT- Internet of things\u201d nos mais diversos equipamentos de controlo (balan\u00e7as, passos por dia medidos no telem\u00f3vel, medidores de tens\u00e3o, etc), venha permitir mecanismos de interliga\u00e7\u00e3o online com as seguradoras &#8211; para os clientes que o permitam -, facilitando a medi\u00e7\u00e3o das boas pr\u00e1ticas de preven\u00e7\u00e3o da sa\u00fade que cada segurado efetivamente leve a cabo, com b\u00f3nus no custo dos seguros para os clientes \u201cmais preventivos\u201d<\/p>\n<p>De referir que a utiliza\u00e7\u00e3o da Intelig\u00eancia artificial para facilitar a produtividade e os diagn\u00f3sticos &#8211; sempre como co-piloto de apoio aos M\u00e9dicos e n\u00e3o como vers\u00e3o final -, promete avan\u00e7os muito interessantes para os Doentes; por outro lado, as novas ferramentas de automa\u00e7\u00e3o, v\u00eam permitir \u00e0 cl\u00ednicas e seguradores, o envio de mensagens de aconselhamento de repeti\u00e7\u00e3o de controlo de exames, etc, em fun\u00e7\u00e3o de dados hist\u00f3ricos aos quais o cliente tenha dado acesso.<\/p>\n<ul>\n<li>Facilidade na compara\u00e7\u00e3o de planos e coberturas dos seguros:<\/li>\n<\/ul>\n<p>A ASF _ autoridade de tutela do setor segurador &#8211; veio propor recentemente aos seguradores a disponibiliza\u00e7\u00e3o de uma configura\u00e7\u00e3o com condi\u00e7\u00f5es padr\u00e3o \u2013 que desenhou com base numa prote\u00e7\u00e3o mediana dos cidad\u00e3os. \u00a0Estas condi\u00e7\u00f5es contribuir\u00e3o para que os seguros possam ser mais claros, compar\u00e1veis e transparentes, apoiando os consumidores a fazer escolhas mais informadas. A maioria dos seguradores ainda n\u00e3o lan\u00e7ou esta vers\u00e3o, mas \u00e9 poss\u00edvel que o venham a fazer.<\/p>\n<h5><u>O que s\u00e3o \u201cCondi\u00e7\u00f5es Padr\u00e3o\u201d?<\/u><\/h5>\n<p>As \u201ccondi\u00e7\u00f5es padr\u00e3o\u201d s\u00e3o um conjunto de coberturas e capitais previamente fixados e compar\u00e1veis, designadamente em termos do \u00e2mbito dos riscos cobertos, capitais seguros e exclus\u00f5es, com uma forte componente de internamento hospitalar e de cobertura no caso de algumas doen\u00e7as graves.<\/p>\n<p><img decoding=\"async\" class=\"aligncenter wp-image-8406 size-full\" src=\"https:\/\/www.amplitudeseguros.com\/wp-content\/uploads\/2026\/03\/foto-mar2026_-Amplitude.jpg\" alt=\"\" width=\"724\" height=\"427\" srcset=\"https:\/\/www.amplitudeseguros.com\/wp-content\/uploads\/2026\/03\/foto-mar2026_-Amplitude.jpg 724w, https:\/\/www.amplitudeseguros.com\/wp-content\/uploads\/2026\/03\/foto-mar2026_-Amplitude-300x177.jpg 300w, https:\/\/www.amplitudeseguros.com\/wp-content\/uploads\/2026\/03\/foto-mar2026_-Amplitude-18x12.jpg 18w\" sizes=\"(max-width: 724px) 100vw, 724px\" \/><\/p>\n<h4>Car Insurance<\/h4>\n<h5>Tend\u00eancias e mudan\u00e7as<\/h5>\n<ul>\n<li>Ajustes de pre\u00e7o mais frequentes, ligados ao risco real, nomeadamente por inova\u00e7\u00f5es tenol\u00f3gicas que venham permitir menores custos e mais exatid\u00e3o para solu\u00e7\u00f5es \u201cpay as you drive\/ pay how you drive\u201d)<\/li>\n<li><\/li>\n<li>Maior digitaliza\u00e7\u00e3o na participa\u00e7\u00e3o e gest\u00e3o de sinistros, permitindo acr\u00e9scimo de comodidade para os clientes e tamb\u00e9m menor fraude<\/li>\n<li>Assist\u00eancia na estrada com rastreio tipo uber da carrinha de assist\u00eancia ainda mais generalizada<\/li>\n<li>Adapta\u00e7\u00e3o a <strong>ve\u00edculos el\u00e9tricos e h\u00edbridos<\/strong>.<\/li>\n<\/ul>\n<h4><strong>\u00a0<\/strong>Seguro de Vida e Prote\u00e7\u00e3o Financeira<\/h4>\n<h5>Tend\u00eancias e mudan\u00e7as<\/h5>\n<ul>\n<li>Crescimento da prote\u00e7\u00e3o de rendimento e incapacidade.<\/li>\n<li>Import\u00e2ncia de rendimentos para assist\u00eancia e adapta\u00e7\u00e3o do lar em caso de doen\u00e7as graves incapacitantes_ seguro de doen\u00e7as graves.<\/li>\n<li>Solu\u00e7\u00f5es mais flex\u00edveis e ajust\u00e1veis ao longo da vida.<\/li>\n<li>Maior consciencializa\u00e7\u00e3o do risco financeiro, com seguros de capitaliza\u00e7\u00e3o mais inovadores a surgirem, v\u00e1rios com apps simples para o cliente seguir os seus investimentos e entregas (vantagem de menores impostos sobre \u201cjuros\u201d que os dep\u00f3sitos banc\u00e1rios e em muitos casos taxas de juro um pouco mais interessantes)<\/li>\n<\/ul>\n<p>\u201cN\u00e3o \u00e9 sobre morrer \u2014 \u00e9 sobre garantir estabilidade quando a vida muda.\u201d<\/p>\n<h4>Seguros para Empresas \/ PME<\/h4>\n<h5>Tend\u00eancias e mudan\u00e7as<\/h5>\n<ul>\n<li>Solu\u00e7\u00f5es mais simples e adaptadas \u00e0 dimens\u00e3o da empresa.<\/li>\n<li>Crescimento e simplifica\u00e7\u00e3o dos seguros cibern\u00e9ticos<\/li>\n<li>Maior foco em responsabilidade e interrup\u00e7\u00e3o de neg\u00f3cio.<\/li>\n<\/ul>\n<p>J\u00e1 conhece o seguro D&amp;O que o protege de ter de suportar do seu patrim\u00f3nio custas judiciais para se defender de processos que o possam envolver como gestor ou diretor da empresa?<\/p>\n<p>J\u00e1 tem adicionadas cobertura de perda de lucros ou, pelo menos, de custos fixos, por interrup\u00e7\u00e3o da atividade devido aos riscos cobertos no multirriscos do seu neg\u00f3cio ou empresa?<\/p>\n<p><img decoding=\"async\" class=\"aligncenter wp-image-8404\" src=\"https:\/\/www.amplitudeseguros.com\/wp-content\/uploads\/2026\/03\/foto-3-mar2026_-Amplitude.jpg\" alt=\"\" width=\"528\" height=\"386\" srcset=\"https:\/\/www.amplitudeseguros.com\/wp-content\/uploads\/2026\/03\/foto-3-mar2026_-Amplitude.jpg 800w, https:\/\/www.amplitudeseguros.com\/wp-content\/uploads\/2026\/03\/foto-3-mar2026_-Amplitude-300x219.jpg 300w, https:\/\/www.amplitudeseguros.com\/wp-content\/uploads\/2026\/03\/foto-3-mar2026_-Amplitude-768x562.jpg 768w, https:\/\/www.amplitudeseguros.com\/wp-content\/uploads\/2026\/03\/foto-3-mar2026_-Amplitude-16x12.jpg 16w\" sizes=\"(max-width: 528px) 100vw, 528px\" \/><\/p>\n<p>\u201cUm imprevisto n\u00e3o tem de p\u00f4r o seu neg\u00f3cio em risco.\u201d<\/p>\n<h4>Multirriscos Habita\u00e7\u00e3o<\/h4>\n<p><img loading=\"lazy\" decoding=\"async\" class=\"aligncenter wp-image-8405\" src=\"https:\/\/www.amplitudeseguros.com\/wp-content\/uploads\/2026\/03\/foto-4-mar2026_-Amplitude.jpg\" alt=\"\" width=\"594\" height=\"396\" srcset=\"https:\/\/www.amplitudeseguros.com\/wp-content\/uploads\/2026\/03\/foto-4-mar2026_-Amplitude.jpg 1500w, https:\/\/www.amplitudeseguros.com\/wp-content\/uploads\/2026\/03\/foto-4-mar2026_-Amplitude-300x200.jpg 300w, https:\/\/www.amplitudeseguros.com\/wp-content\/uploads\/2026\/03\/foto-4-mar2026_-Amplitude-1024x683.jpg 1024w, https:\/\/www.amplitudeseguros.com\/wp-content\/uploads\/2026\/03\/foto-4-mar2026_-Amplitude-768x512.jpg 768w, https:\/\/www.amplitudeseguros.com\/wp-content\/uploads\/2026\/03\/foto-4-mar2026_-Amplitude-18x12.jpg 18w\" sizes=\"(max-width: 594px) 100vw, 594px\" \/><\/p>\n<h5>Tend\u00eancias e mudan\u00e7as<\/h5>\n<ul>\n<li>Maior aten\u00e7\u00e3o a fen\u00f3menos clim\u00e1ticos extremos.<\/li>\n<li>Valoriza\u00e7\u00e3o da preven\u00e7\u00e3o (fugas de \u00e1gua, inc\u00eandios, danos el\u00e9tricos). J\u00e1 h\u00e1 pa\u00edses com solu\u00e7\u00f5es de sensores IOT ligados aos seguradores e a parceiros seus de modo a r\u00e1pida interven\u00e7\u00e3o em caso de fumo ou inunda\u00e7\u00e3o, permitindo redu\u00e7\u00f5es de pre\u00e7o dos seguros.<\/li>\n<li>Coberturas mais ajustadas ao valor real do im\u00f3vel.<\/li>\n<\/ul>\n<h5>Impacto para o cliente<\/h5>\n<ul>\n<li>Menos surpresas em caso de sinistro<\/li>\n<li>Maior prote\u00e7\u00e3o do investimento mais importante da fam\u00edlia<\/li>\n<li>Incentivo \u00e0 preven\u00e7\u00e3o em casa<\/li>\n<\/ul>\n<p>Leia tamb\u00e9m o nosso artigo sobre d\u00favidas de cobertura ou n\u00e3o de carros em garagens afetados pelas tempestades ou inc\u00eandios dentro de casa.<\/p>\n<h4>Ficamos ao dispor<\/h4>\n<p><a href=\"https:\/\/www.amplitudeseguros.com\/en\/contactos\/\">Amplitude Contacts<\/a><\/p>\n<p><a href=\"https:\/\/www.linkedin.com\/company\/amplitude-seguros\/\" target=\"_blank\" rel=\"noopener\">Linkedin Amplitude<\/a><\/p>\n<p><strong>\u00a0<\/strong><\/p>\n<h2>Tend\u00eancias nos seguros em 2026<\/h2>\n<p>&nbsp;<\/p>","protected":false},"excerpt":{"rendered":"<p>Pre\u00e7o mais vol\u00e1til, mas mais explicado O que muda Ajustes de pr\u00e9mios devido a infla\u00e7\u00e3o, sinistralidade e riscos clim\u00e1ticos. Maior detalhe na explica\u00e7\u00e3o dos aumentos. Impacto para o cliente Alguns seguros ficam mais caros Maior compreens\u00e3o do \u201cporqu\u00ea\u201d do pre\u00e7o Incentivo a comportamentos que reduzam o risco (e o pr\u00e9mio) J\u00e1 reparou que no vencimento [&hellip;]<\/p>\n","protected":false},"author":2,"featured_media":8402,"comment_status":"closed","ping_status":"closed","sticky":false,"template":"","format":"standard","meta":{"_acf_changed":false,"footnotes":""},"categories":[32],"tags":[],"class_list":["post-8401","post","type-post","status-publish","format-standard","has-post-thumbnail","hentry","category-seguros"],"acf":[],"_links":{"self":[{"href":"https:\/\/www.amplitudeseguros.com\/en\/wp-json\/wp\/v2\/posts\/8401","targetHints":{"allow":["GET"]}}],"collection":[{"href":"https:\/\/www.amplitudeseguros.com\/en\/wp-json\/wp\/v2\/posts"}],"about":[{"href":"https:\/\/www.amplitudeseguros.com\/en\/wp-json\/wp\/v2\/types\/post"}],"author":[{"embeddable":true,"href":"https:\/\/www.amplitudeseguros.com\/en\/wp-json\/wp\/v2\/users\/2"}],"replies":[{"embeddable":true,"href":"https:\/\/www.amplitudeseguros.com\/en\/wp-json\/wp\/v2\/comments?post=8401"}],"version-history":[{"count":4,"href":"https:\/\/www.amplitudeseguros.com\/en\/wp-json\/wp\/v2\/posts\/8401\/revisions"}],"predecessor-version":[{"id":8410,"href":"https:\/\/www.amplitudeseguros.com\/en\/wp-json\/wp\/v2\/posts\/8401\/revisions\/8410"}],"wp:featuredmedia":[{"embeddable":true,"href":"https:\/\/www.amplitudeseguros.com\/en\/wp-json\/wp\/v2\/media\/8402"}],"wp:attachment":[{"href":"https:\/\/www.amplitudeseguros.com\/en\/wp-json\/wp\/v2\/media?parent=8401"}],"wp:term":[{"taxonomy":"category","embeddable":true,"href":"https:\/\/www.amplitudeseguros.com\/en\/wp-json\/wp\/v2\/categories?post=8401"},{"taxonomy":"post_tag","embeddable":true,"href":"https:\/\/www.amplitudeseguros.com\/en\/wp-json\/wp\/v2\/tags?post=8401"}],"curies":[{"name":"wp","href":"https:\/\/api.w.org\/{rel}","templated":true}]}}